{"id":118,"date":"2024-01-24T16:24:29","date_gmt":"2024-01-24T16:24:29","guid":{"rendered":"https:\/\/faen.ar\/wp\/?p=118"},"modified":"2024-01-24T16:24:29","modified_gmt":"2024-01-24T16:24:29","slug":"el-monstruo-y-su-conciencia","status":"publish","type":"post","link":"https:\/\/faen.ar\/wp\/?p=118","title":{"rendered":"El monstruo y su conciencia"},"content":{"rendered":"\n<p>Pienso en un tipo de monstruo particular, aquel ideado por Mary Shelley en t\u00e9rminos de criatura, de creaci\u00f3n. El monstruo distintivo y rediscursivo de <em>Frankenstein<\/em> (1818) que, a pesar de las pruebas del tiempo, contin\u00faa sin perder su vigencia. Pienso en un monstruo creado no \u00fanicamente por el arbitrio del ser humano \u2013puede argumentarse que todo monstruo es, en cierta medida, una creaci\u00f3n humana\u2013 sino en un intento de imagen y semejanza. Pienso en un monstruo condenado: una abominaci\u00f3n que no puede, por su propia esencia, pertenecer a ning\u00fan \u00e1mbito de la vida social, ni tampoco a aquellos espacios reservados para la pura naturaleza.<\/p>\n\n\n\n<p>Este tipo de monstruo est\u00e1 \u00edntimamente ligado a su creador. En un estad\u00edo temprano, necesita del mismo como un ni\u00f1o de su padre para establecerse \u2013en un intento insatisfactorio\u2013 en el mundo civilizado. Por lo general, ante el horror de la propia creaci\u00f3n, y cual padre ausente, el creador abandona a su creaci\u00f3n; el monstruo queda hu\u00e9rfano.&nbsp;<\/p>\n\n\n\n<p>Es entonces que emerge el recorrido del monstruo, el desarrollo de una autoconciencia que puede desembocar en dos alternativas para con su comportamiento: la pureza o la destrucci\u00f3n. Este estadio inicial, como hoja en blanco, permite una hipersensibilidad que lleva al monstruo a ser afectado por sus primeras percepciones del mundo que lo rodea. La criatura de Victor Frankenstein, por ejemplo, demuestra una pureza extrema que, al ganar conciencia y dimensionar los comportamientos de su creador y la especie humana, deviene en una implacable sed de (auto)destrucci\u00f3n.&nbsp;<\/p>\n\n\n\n<p>En la pel\u00edcula \u201cPoor Things\u201d (Lanthimos, 2024) la creaci\u00f3n (Bella Baxter) es tan horrenda como novedosa. En un mundo que se plantea como maravilloso \u2013seg\u00fan la perspectiva todoroviana\u2013, una criatura reanimada que comparta el cuerpo de la mujer embarazada muerta y la mente de su hijo nonato representa una combinaci\u00f3n de orden complejo. Esta protagonista, en su pureza tonta, adquiere autoconciencia a partir de un viaje que la lleva a resignificar, por lo excepcional de su condici\u00f3n, diferentes paradigmas socioculturales que entran en consonancia con nuestro mundo.<\/p>\n\n\n\n<p>El potencial del monstruo est\u00e1 en lo que tiene para decirnos con respecto a nosotros mismos, Pienso que solo en contraste con el monstruo, con los monstruos y sus horrores, es que el ser humano cobra por fin una total dimensi\u00f3n de su condici\u00f3n y fragilidad.<\/p>\n","protected":false},"excerpt":{"rendered":"<p>Pienso en un tipo de monstruo particular, aquel ideado por Mary Shelley en t\u00e9rminos de&#8230;<\/p>\n","protected":false},"author":1,"featured_media":0,"comment_status":"open","ping_status":"open","sticky":false,"template":"","format":"standard","meta":{"footnotes":""},"categories":[14,27],"tags":[30,29,28],"class_list":["post-118","post","type-post","status-publish","format-standard","hentry","category-ensayo","category-horror-y-weird","tag-cine","tag-frankenstein","tag-monstruo"],"_links":{"self":[{"href":"https:\/\/faen.ar\/wp\/index.php?rest_route=\/wp\/v2\/posts\/118","targetHints":{"allow":["GET"]}}],"collection":[{"href":"https:\/\/faen.ar\/wp\/index.php?rest_route=\/wp\/v2\/posts"}],"about":[{"href":"https:\/\/faen.ar\/wp\/index.php?rest_route=\/wp\/v2\/types\/post"}],"author":[{"embeddable":true,"href":"https:\/\/faen.ar\/wp\/index.php?rest_route=\/wp\/v2\/users\/1"}],"replies":[{"embeddable":true,"href":"https:\/\/faen.ar\/wp\/index.php?rest_route=%2Fwp%2Fv2%2Fcomments&post=118"}],"version-history":[{"count":1,"href":"https:\/\/faen.ar\/wp\/index.php?rest_route=\/wp\/v2\/posts\/118\/revisions"}],"predecessor-version":[{"id":119,"href":"https:\/\/faen.ar\/wp\/index.php?rest_route=\/wp\/v2\/posts\/118\/revisions\/119"}],"wp:attachment":[{"href":"https:\/\/faen.ar\/wp\/index.php?rest_route=%2Fwp%2Fv2%2Fmedia&parent=118"}],"wp:term":[{"taxonomy":"category","embeddable":true,"href":"https:\/\/faen.ar\/wp\/index.php?rest_route=%2Fwp%2Fv2%2Fcategories&post=118"},{"taxonomy":"post_tag","embeddable":true,"href":"https:\/\/faen.ar\/wp\/index.php?rest_route=%2Fwp%2Fv2%2Ftags&post=118"}],"curies":[{"name":"wp","href":"https:\/\/api.w.org\/{rel}","templated":true}]}}