{"id":120,"date":"2024-01-26T09:08:00","date_gmt":"2024-01-26T09:08:00","guid":{"rendered":"https:\/\/faen.ar\/wp\/?p=120"},"modified":"2024-01-24T18:12:59","modified_gmt":"2024-01-24T18:12:59","slug":"aquel-santuario-llamado-biblioteca-publica","status":"publish","type":"post","link":"https:\/\/faen.ar\/wp\/?p=120","title":{"rendered":"Aquel santuario llamado biblioteca p\u00fablica"},"content":{"rendered":"\n<p>Bibliotecas p\u00fablicas, santuarios de la vida civil. En una nota de hace 2 a\u00f1os para <em>The Guardian<\/em>, Moira Donegan propone que las bibliotecas p\u00fablicas recuerden aquello que su pa\u00eds \u2013Estados Unidos\u2013 podr\u00eda llegar a ser alg\u00fan d\u00eda. Podemos extrapolar esta idea hasta Argentina. \u00bfCu\u00e1l es el estatuto de las bibliotecas p\u00fablicas? \u00bfUn espacio cultural y formativo? \u00bfDe intercambio? \u00bfEn auge o decadencia? Hay un hecho en particular, cercano, que invita a inclinarse por esta primera opci\u00f3n, al menos en lo que a la mirada del p\u00fablico refiere. Adelanto que ser\u00e1 por la negativa.<\/p>\n\n\n\n<p>La Biblioteca Popular y P\u00fablica de Haedo (Tacuar\u00ed 674, Haedo) se fund\u00f3 el 29 de julio de 1971. Tiene una tradici\u00f3n de 54 a\u00f1os. Es un espacio bastante amplio, frente a la Plaza N. \u00b08, adyacente a una comisar\u00eda y en la parte frontal al patio de un colegio. Durante el 2022 y a comienzos del 2023, se intent\u00f3, por iniciativa de la comisi\u00f3n directiva de ese mismo colegio, militar el fin de la cesi\u00f3n del espacio en el que funciona la biblioteca. Despu\u00e9s de semanas de pelea y reuniones, previa intervenci\u00f3n de socios y vecinos, e incluso del intendente Haedo \u2013no se enga\u00f1en\u2013 se renov\u00f3 la cesi\u00f3n durante unos a\u00f1os m\u00e1s.\u00a0<\/p>\n\n\n\n<p>La biblioteca va a seguir funcionando, \u00bfpero a qu\u00e9 costo? \u00bfQu\u00e9 es lo que le espera? Despu\u00e9s de esta breve cr\u00f3nica, y teniendo en cuenta el efecto que la pandemia produjo en los espacios art\u00edstico-culturales en el pa\u00eds, y es probable que tambi\u00e9n a escala global, reivindicar estos espacios es m\u00e1s necesario que nunca. S\u00ed. Es una exhortaci\u00f3n a la acci\u00f3n esta breve nota, porque la reproducci\u00f3n de la resistencia para con lo establecido, como dijo Walter Benjamin, no se encuentra en los libros extensos, sino en la formas breves en los que circula la literatura y me permito agregar que en los espacios que contienen a estos libros. Libro como medio, pero el espacio es incluso m\u00e1s importante, y la presencia del espacio como opci\u00f3n de resistencia se cristaliza en una idea fuerte, una idea revolucionaria: si todo se encuentra perdido, y nos damos la concesi\u00f3n de hacer lo que queramos porque nada tiene sentido, al menos el arte se encuentra todav\u00eda al rojo vivo, y decidir actuar a sabiendas de la dificultad, o incluso de la derrota segura, es un sentimiento incluso m\u00e1s noble.<\/p>\n\n\n\n<p><strong>Disclaimer:<\/strong><\/p>\n\n\n\n<p>Pisando el 2024, a\u00f1os despu\u00e9s de pisada esta nota, con algunas ediciones estil\u00edsticas propias de una pluma mutante, nos encontramos con otro percance. Quiz\u00e1s mayor, quiz\u00e1s m\u00e1s profundo, pues viene no de la propia comunidad, sino de espacios pol\u00edticos que intentan arrasar con cada instituci\u00f3n cultural, t\u00e9cnica y formativa que se considere industrializada, o rentable en t\u00e9rminos exclusivamente econ\u00f3micos. Ac\u00e1 es en donde aparecer\u00e1 la verdadera lucha.<\/p>\n","protected":false},"excerpt":{"rendered":"<p>Bibliotecas p\u00fablicas, santuarios de la vida civil. En una nota de hace 2 a\u00f1os para&#8230;<\/p>\n","protected":false},"author":1,"featured_media":0,"comment_status":"open","ping_status":"open","sticky":false,"template":"","format":"standard","meta":{"footnotes":""},"categories":[14],"tags":[32,31],"class_list":["post-120","post","type-post","status-publish","format-standard","hentry","category-ensayo","tag-actualidad","tag-bibliotecas"],"_links":{"self":[{"href":"https:\/\/faen.ar\/wp\/index.php?rest_route=\/wp\/v2\/posts\/120","targetHints":{"allow":["GET"]}}],"collection":[{"href":"https:\/\/faen.ar\/wp\/index.php?rest_route=\/wp\/v2\/posts"}],"about":[{"href":"https:\/\/faen.ar\/wp\/index.php?rest_route=\/wp\/v2\/types\/post"}],"author":[{"embeddable":true,"href":"https:\/\/faen.ar\/wp\/index.php?rest_route=\/wp\/v2\/users\/1"}],"replies":[{"embeddable":true,"href":"https:\/\/faen.ar\/wp\/index.php?rest_route=%2Fwp%2Fv2%2Fcomments&post=120"}],"version-history":[{"count":1,"href":"https:\/\/faen.ar\/wp\/index.php?rest_route=\/wp\/v2\/posts\/120\/revisions"}],"predecessor-version":[{"id":121,"href":"https:\/\/faen.ar\/wp\/index.php?rest_route=\/wp\/v2\/posts\/120\/revisions\/121"}],"wp:attachment":[{"href":"https:\/\/faen.ar\/wp\/index.php?rest_route=%2Fwp%2Fv2%2Fmedia&parent=120"}],"wp:term":[{"taxonomy":"category","embeddable":true,"href":"https:\/\/faen.ar\/wp\/index.php?rest_route=%2Fwp%2Fv2%2Fcategories&post=120"},{"taxonomy":"post_tag","embeddable":true,"href":"https:\/\/faen.ar\/wp\/index.php?rest_route=%2Fwp%2Fv2%2Ftags&post=120"}],"curies":[{"name":"wp","href":"https:\/\/api.w.org\/{rel}","templated":true}]}}