{"id":128,"date":"2024-11-12T09:58:26","date_gmt":"2024-11-12T09:58:26","guid":{"rendered":"http:\/\/faen.ar\/wp\/?p=128"},"modified":"2025-01-16T18:39:40","modified_gmt":"2025-01-16T18:39:40","slug":"30-de-septiembre-aeropuerto-de-frankfurt","status":"publish","type":"post","link":"https:\/\/faen.ar\/wp\/?p=128","title":{"rendered":"30 de septiembre, Aeropuerto de Frankfurt"},"content":{"rendered":"\n<p>Bajarse de trece horas de vuelo y respirar un aire fr\u00edo, h\u00famedo. Subirse a una pasarela autom\u00e1tica cuando bien podr\u00edas caminar por el simple hecho de hacerlo. El desplazamiento de la pasarela durante uno, dos kil\u00f3metros de aeropuerto. La inmensidad del edificio, la cantidad abrumadora de gente y de movimiento. Una sensaci\u00f3n un poco extra\u00f1a en el pecho, extra\u00f1a y fugaz. Llega y se va, despu\u00e9s es todo naturalidad. Es encontrar la pasarela, enviar algunos emails y recorrer durante horas el <em>free shop<\/em>. Es comprarse una cerveza bien fr\u00eda y una especie de sandwich de pollo. Gastar los primeros euros. Es esperar en la puerta indicada, cargar el tel\u00e9fono, dormitar un poco, subirse al avi\u00f3n, ponerse los auriculares. Mirar por la ventanilla. Es seguir encerrado en la modernidad, pero en el umbral de Europa.<\/p>\n","protected":false},"excerpt":{"rendered":"<p>Bajarse de trece horas de vuelo y respirar un aire fr\u00edo, h\u00famedo. Subirse a una&#8230;<\/p>\n","protected":false},"author":1,"featured_media":0,"comment_status":"open","ping_status":"open","sticky":false,"template":"","format":"standard","meta":{"footnotes":""},"categories":[34],"tags":[35,38],"class_list":["post-128","post","type-post","status-publish","format-standard","hentry","category-cronica","tag-erasmus","tag-viajes"],"_links":{"self":[{"href":"https:\/\/faen.ar\/wp\/index.php?rest_route=\/wp\/v2\/posts\/128","targetHints":{"allow":["GET"]}}],"collection":[{"href":"https:\/\/faen.ar\/wp\/index.php?rest_route=\/wp\/v2\/posts"}],"about":[{"href":"https:\/\/faen.ar\/wp\/index.php?rest_route=\/wp\/v2\/types\/post"}],"author":[{"embeddable":true,"href":"https:\/\/faen.ar\/wp\/index.php?rest_route=\/wp\/v2\/users\/1"}],"replies":[{"embeddable":true,"href":"https:\/\/faen.ar\/wp\/index.php?rest_route=%2Fwp%2Fv2%2Fcomments&post=128"}],"version-history":[{"count":1,"href":"https:\/\/faen.ar\/wp\/index.php?rest_route=\/wp\/v2\/posts\/128\/revisions"}],"predecessor-version":[{"id":129,"href":"https:\/\/faen.ar\/wp\/index.php?rest_route=\/wp\/v2\/posts\/128\/revisions\/129"}],"wp:attachment":[{"href":"https:\/\/faen.ar\/wp\/index.php?rest_route=%2Fwp%2Fv2%2Fmedia&parent=128"}],"wp:term":[{"taxonomy":"category","embeddable":true,"href":"https:\/\/faen.ar\/wp\/index.php?rest_route=%2Fwp%2Fv2%2Fcategories&post=128"},{"taxonomy":"post_tag","embeddable":true,"href":"https:\/\/faen.ar\/wp\/index.php?rest_route=%2Fwp%2Fv2%2Ftags&post=128"}],"curies":[{"name":"wp","href":"https:\/\/api.w.org\/{rel}","templated":true}]}}