{"id":130,"date":"2024-11-13T11:43:11","date_gmt":"2024-11-13T11:43:11","guid":{"rendered":"http:\/\/faen.ar\/wp\/?p=130"},"modified":"2025-01-16T18:39:40","modified_gmt":"2025-01-16T18:39:40","slug":"30-de-septiembre-zagreb","status":"publish","type":"post","link":"https:\/\/faen.ar\/wp\/?p=130","title":{"rendered":"30 de septiembre, Zagreb"},"content":{"rendered":"\n<p>Zagreb de noche. El fr\u00edo del aeropuerto, la incertidumbre de una valija que recorri\u00f3 tanto como yo. La noche de Croacia, primeros pasos en Europa: la sensaci\u00f3n de \u201cllegu\u00e9, estoy ac\u00e1, despu\u00e9s de tanto tiempo\u201d. La acci\u00f3n, los pies en la tierra. No conf\u00edo en Uber, no s\u00e9 bien c\u00f3mo se maneja la cuesti\u00f3n. Me acerco a un bus, conozco a unos griegos que vinieron de intercambio. Nos subimos al bus. En una hora estoy en la estaci\u00f3n de buses.&nbsp;<\/p>\n\n\n\n<p>Google Maps sin datos, colg\u00e1ndome de toda internet que encuentre. La ubicaci\u00f3n del hostel que saqu\u00e9 en Frankfurt, las calles de Croacia por la noche, con dos valijas. El sentimiento que traigo de Argentina: la paranoia, el miedo, el dolor. No encuentro las calles. No encuentro los n\u00fameros. Dos grupos de personas me ignoran. Una se\u00f1ora me ayuda a encontrar lo que busco. Hostel. Fr\u00edo. Joaqu\u00edn, primer argentino que me cruzo en Europa. Cenamos papas fritas y dormimos con dos polic\u00edas croatas que roncan mucho m\u00e1s que yo. Veo sus uniformes y bastones arriba de la mesa de la habitaci\u00f3n del hostel.<\/p>\n\n\n\n<p>La ma\u00f1ana es helada, neblinosa. Joaqu\u00edn me comparte un t\u00e9. Me deja en la estaci\u00f3n. Subo a mi bus a Rijeka. En tres horas llego al sol y a las escaleras de la ciudad de los r\u00edos. Ahora s\u00ed, por fin, puedo decir que llegu\u00e9.<\/p>\n","protected":false},"excerpt":{"rendered":"<p>Zagreb de noche. El fr\u00edo del aeropuerto, la incertidumbre de una valija que recorri\u00f3 tanto&#8230;<\/p>\n","protected":false},"author":1,"featured_media":0,"comment_status":"open","ping_status":"open","sticky":false,"template":"","format":"standard","meta":{"footnotes":""},"categories":[34],"tags":[35,38],"class_list":["post-130","post","type-post","status-publish","format-standard","hentry","category-cronica","tag-erasmus","tag-viajes"],"_links":{"self":[{"href":"https:\/\/faen.ar\/wp\/index.php?rest_route=\/wp\/v2\/posts\/130","targetHints":{"allow":["GET"]}}],"collection":[{"href":"https:\/\/faen.ar\/wp\/index.php?rest_route=\/wp\/v2\/posts"}],"about":[{"href":"https:\/\/faen.ar\/wp\/index.php?rest_route=\/wp\/v2\/types\/post"}],"author":[{"embeddable":true,"href":"https:\/\/faen.ar\/wp\/index.php?rest_route=\/wp\/v2\/users\/1"}],"replies":[{"embeddable":true,"href":"https:\/\/faen.ar\/wp\/index.php?rest_route=%2Fwp%2Fv2%2Fcomments&post=130"}],"version-history":[{"count":1,"href":"https:\/\/faen.ar\/wp\/index.php?rest_route=\/wp\/v2\/posts\/130\/revisions"}],"predecessor-version":[{"id":131,"href":"https:\/\/faen.ar\/wp\/index.php?rest_route=\/wp\/v2\/posts\/130\/revisions\/131"}],"wp:attachment":[{"href":"https:\/\/faen.ar\/wp\/index.php?rest_route=%2Fwp%2Fv2%2Fmedia&parent=130"}],"wp:term":[{"taxonomy":"category","embeddable":true,"href":"https:\/\/faen.ar\/wp\/index.php?rest_route=%2Fwp%2Fv2%2Fcategories&post=130"},{"taxonomy":"post_tag","embeddable":true,"href":"https:\/\/faen.ar\/wp\/index.php?rest_route=%2Fwp%2Fv2%2Ftags&post=130"}],"curies":[{"name":"wp","href":"https:\/\/api.w.org\/{rel}","templated":true}]}}