{"id":132,"date":"2024-11-13T11:43:50","date_gmt":"2024-11-13T11:43:50","guid":{"rendered":"http:\/\/faen.ar\/wp\/?p=132"},"modified":"2025-01-16T18:39:40","modified_gmt":"2025-01-16T18:39:40","slug":"6-de-octubre-krk","status":"publish","type":"post","link":"https:\/\/faen.ar\/wp\/?p=132","title":{"rendered":"6 de octubre, Krk"},"content":{"rendered":"\n<p>No tanto el comienzo de la aventura como el de la cotidianeidad. No supe que estaba en la Isla de Krk hasta que lo le\u00ed en el mapa. La noche anterior sal\u00ed por primera vez del departamento. Acept\u00e9 un bar con mis compa\u00f1eros de piso, los italianos, Giuseppe y Francesco.. Tomamos unas cervezas, bajamos a un s\u00f3tano, convers\u00e9 mucho con una chica de Grecia sobre literatura y biolog\u00eda marina. Saqu\u00e9 entradas para un bus al que dos espa\u00f1oles, Crespo y Nacho, los hab\u00edan invitado. A las siete de la ma\u00f1ana estaba en la estaci\u00f3n. Unos minutos despu\u00e9s, sentado junto a una chica, Sof\u00eda. El bus se llen\u00f3 de espa\u00f1oles; tal vez quince, veinte. Muchos me saludaron en ingl\u00e9s o en italiano. Yo les respond\u00ed hola c\u00f3mo est\u00e1s.<\/p>\n\n\n\n<p>\u00bfPor qu\u00e9 digo que ac\u00e1 comienza la cotidianeidad? Porque encontr\u00e9 gente para establecer una cotidianeidad. Encontr\u00e9 gente que habla mi mismo idioma. Encontr\u00e9 diferencias que enriquecen mi idioma. Me encontr\u00e9 a m\u00ed mismo no comprendiendo el espa\u00f1ol&#8230; hecho recurrente a lo largo del viaje. No voy a enumerar nombres ac\u00e1. Son muchos y se diluyen sus sentidos. Ir\u00e1n apareciendo en viajes posteriores. Solo tengo para decir que Krk es bell\u00edsimo, el d\u00eda fue espectacular, el agua incre\u00edble. Me met\u00ed por primera vez en el agua europea, la del Adri\u00e1tico. M\u00e1s adelante me meter\u00eda en la del Mediterr\u00e1neo, pero eso es otra an\u00e9cdota.<\/p>\n\n\n\n<p>Este grupo de espa\u00f1oles \u2013junto con el otro grupo, los de Trsat\u2013 ayudaron a que el primer choque cultural con Europa fuera m\u00e1s ameno de lo que esperaba. Sin embargo, la informaci\u00f3n fue, en un principio, apabullante: ciudades, referencias, geograf\u00eda, historia, gastronom\u00eda. Muchas diferencias. Muchos parecidos. En esa dualidad asoma una nueva forma de felicidad.<\/p>\n\n\n\n<p>Nos fuimos de Krk por la noche, la isla de las consonantes. Dorm\u00ed en el bus de vuelta. Cen\u00e9 con los italianos en Burger King. Creo que es la primera noche que dorm\u00ed bien.<\/p>\n","protected":false},"excerpt":{"rendered":"<p>No tanto el comienzo de la aventura como el de la cotidianeidad. No supe que&#8230;<\/p>\n","protected":false},"author":1,"featured_media":0,"comment_status":"open","ping_status":"open","sticky":false,"template":"","format":"standard","meta":{"footnotes":""},"categories":[34],"tags":[35,38],"class_list":["post-132","post","type-post","status-publish","format-standard","hentry","category-cronica","tag-erasmus","tag-viajes"],"_links":{"self":[{"href":"https:\/\/faen.ar\/wp\/index.php?rest_route=\/wp\/v2\/posts\/132","targetHints":{"allow":["GET"]}}],"collection":[{"href":"https:\/\/faen.ar\/wp\/index.php?rest_route=\/wp\/v2\/posts"}],"about":[{"href":"https:\/\/faen.ar\/wp\/index.php?rest_route=\/wp\/v2\/types\/post"}],"author":[{"embeddable":true,"href":"https:\/\/faen.ar\/wp\/index.php?rest_route=\/wp\/v2\/users\/1"}],"replies":[{"embeddable":true,"href":"https:\/\/faen.ar\/wp\/index.php?rest_route=%2Fwp%2Fv2%2Fcomments&post=132"}],"version-history":[{"count":1,"href":"https:\/\/faen.ar\/wp\/index.php?rest_route=\/wp\/v2\/posts\/132\/revisions"}],"predecessor-version":[{"id":133,"href":"https:\/\/faen.ar\/wp\/index.php?rest_route=\/wp\/v2\/posts\/132\/revisions\/133"}],"wp:attachment":[{"href":"https:\/\/faen.ar\/wp\/index.php?rest_route=%2Fwp%2Fv2%2Fmedia&parent=132"}],"wp:term":[{"taxonomy":"category","embeddable":true,"href":"https:\/\/faen.ar\/wp\/index.php?rest_route=%2Fwp%2Fv2%2Fcategories&post=132"},{"taxonomy":"post_tag","embeddable":true,"href":"https:\/\/faen.ar\/wp\/index.php?rest_route=%2Fwp%2Fv2%2Ftags&post=132"}],"curies":[{"name":"wp","href":"https:\/\/api.w.org\/{rel}","templated":true}]}}