{"id":134,"date":"2024-11-13T16:44:34","date_gmt":"2024-11-13T16:44:34","guid":{"rendered":"http:\/\/faen.ar\/wp\/?p=134"},"modified":"2025-01-16T18:39:40","modified_gmt":"2025-01-16T18:39:40","slug":"15-de-octubre-viena","status":"publish","type":"post","link":"https:\/\/faen.ar\/wp\/?p=134","title":{"rendered":"15 de octubre, Viena"},"content":{"rendered":"\n<p>Primera vez en Viena. Digo primera vez con la certeza de que volver\u00e9. Estuve solamente algunas horas, por diferentes motivos que retrasaron la salida de Bratislava. Las sensaciones fueron muchas, las palabras quedan cortas, una sola idea se fija en la mente: volver, volver y volver. Viena tiene la potencialidad de ser una ciudad m\u00e1gica para recorrer, para perderse, para encontrar ciertas cosas que cre\u00eda perdidas. Pasamos por un palacio, con un gran jard\u00edn.&nbsp;<\/p>\n\n\n\n<p>Recorrimos algunas calles en auto, otras tantas a pie. Sof\u00eda buscaba lugares para que paremos con mi celular y de reojo encontr\u00e9 un tesoro que me hizo caer en la cuenta de d\u00f3nde estaba realmente. Viena no es solo Viena por la arquitectura, la prolijidad, lo compacto de la ciudad; el r\u00edo, las atracciones, la historia. Es Viena porque supo ser la capital cultural europea. Es Viena por el arte. Es Viena para la literatura. Es Viena por la Heldenplatz, la Plaza de los H\u00e9roes. El <em>Heldenplatz<\/em> de Thomas Bernhard, que le\u00ed varias veces para aprobar uno de los ex\u00e1menes que m\u00e1s me costaron en la carrera.<\/p>\n\n\n\n<p>Dicen que Viena te espera. Espero que no tenga que esperar mucho m\u00e1s, porque tres horas ni siquiera conjuran una fracci\u00f3n del tiempo suficiente para ritualizar esta ciudad.<\/p>\n","protected":false},"excerpt":{"rendered":"<p>Primera vez en Viena. Digo primera vez con la certeza de que volver\u00e9. Estuve solamente&#8230;<\/p>\n","protected":false},"author":1,"featured_media":0,"comment_status":"open","ping_status":"open","sticky":false,"template":"","format":"standard","meta":{"footnotes":""},"categories":[34],"tags":[35,38],"class_list":["post-134","post","type-post","status-publish","format-standard","hentry","category-cronica","tag-erasmus","tag-viajes"],"_links":{"self":[{"href":"https:\/\/faen.ar\/wp\/index.php?rest_route=\/wp\/v2\/posts\/134","targetHints":{"allow":["GET"]}}],"collection":[{"href":"https:\/\/faen.ar\/wp\/index.php?rest_route=\/wp\/v2\/posts"}],"about":[{"href":"https:\/\/faen.ar\/wp\/index.php?rest_route=\/wp\/v2\/types\/post"}],"author":[{"embeddable":true,"href":"https:\/\/faen.ar\/wp\/index.php?rest_route=\/wp\/v2\/users\/1"}],"replies":[{"embeddable":true,"href":"https:\/\/faen.ar\/wp\/index.php?rest_route=%2Fwp%2Fv2%2Fcomments&post=134"}],"version-history":[{"count":1,"href":"https:\/\/faen.ar\/wp\/index.php?rest_route=\/wp\/v2\/posts\/134\/revisions"}],"predecessor-version":[{"id":135,"href":"https:\/\/faen.ar\/wp\/index.php?rest_route=\/wp\/v2\/posts\/134\/revisions\/135"}],"wp:attachment":[{"href":"https:\/\/faen.ar\/wp\/index.php?rest_route=%2Fwp%2Fv2%2Fmedia&parent=134"}],"wp:term":[{"taxonomy":"category","embeddable":true,"href":"https:\/\/faen.ar\/wp\/index.php?rest_route=%2Fwp%2Fv2%2Fcategories&post=134"},{"taxonomy":"post_tag","embeddable":true,"href":"https:\/\/faen.ar\/wp\/index.php?rest_route=%2Fwp%2Fv2%2Ftags&post=134"}],"curies":[{"name":"wp","href":"https:\/\/api.w.org\/{rel}","templated":true}]}}