{"id":156,"date":"2024-11-27T10:59:13","date_gmt":"2024-11-27T10:59:13","guid":{"rendered":"https:\/\/faen.ar\/wp\/?p=156"},"modified":"2025-01-16T18:39:40","modified_gmt":"2025-01-16T18:39:40","slug":"22-23-y-24-de-noviembre-budapest","status":"publish","type":"post","link":"https:\/\/faen.ar\/wp\/?p=156","title":{"rendered":"22, 23 y 24 de noviembre, Budapest"},"content":{"rendered":"\n<p>Espacio de la belleza, espacio de la melancol\u00eda. Budapest se erige indescifrable, ca\u00f3tica como mi llegada: un bus con demasiadas paradas, el retraso del avi\u00f3n, problemas en el embarque. Nada de eso importa: la promesa h\u00fangara le gana a los embates de las circunstancias.<\/p>\n\n\n\n<p>Budapest de noche, Budapest de ma\u00f1ana. La divisi\u00f3n de la ciudad: Buda, Pest. El Danubio como puente y los puentes del Danubio. Quiz\u00e1s el encanto de Budapest est\u00e9 en su naturaleza partida, en sus dualidades y espejismos.<\/p>\n\n\n\n<p>El fr\u00edo que cala los huesos. Debajo del cero, la helada de Budapest se deduce en los bloques de nieve que encuentro en el camino, desde el aeropuerto por la noche hasta el centro de la ciudad al d\u00eda siguiente. Es un hielo espeso, congelado, que no se derrite por el t\u00edmido sol ni por las pisadas; todo lo contrario, es un hielo traicionero, te hace tropezar.<\/p>\n\n\n\n<p>La ciudad inunda tanto que hasta resulta opaco hablar de cualquier otra cosa. Las personas somos simples actores sublimados ante la majestuosidad de las bas\u00edlicas y los puntos hist\u00f3ricos. Es una ciudad inagotable: poco m\u00e1s de dos d\u00edas no son ni por lejos suficientes. Bratislava, Florencia, Bologna, Genoa, Trieste, M\u00f3naco, Marsella&#8230; todas las ciudades en las que estuve y que me dieron cierta sensaci\u00f3n \u2013incipiente\u2013 de agotamiento, de repetici\u00f3n. Budapest no. Es una yuxtaposici\u00f3n de espacios significativos. Y, m\u00e1s importante a\u00fan es la atm\u00f3sfera. M\u00e1s all\u00e1 de los mercados y las tem\u00e1ticas navide\u00f1as, Budapest respira (y permite respirar) un aire fr\u00edo, melanc\u00f3lico. La ciudad transmite la sensaci\u00f3n de que a\u00f1ora algo, en una nostalgia latente. Un acceso tan roto como la ciudad dividida.El Danubio es majestuoso. Me hubiese gustado conocer el Danubio frondoso de la frontera, el Delta que se bifurca desde Viena y comienza a realizar su traves\u00eda err\u00e1tica hasta Budapest. Sin embargo, paseamos en barco durante algunos kil\u00f3metros por la noche. Las luces de Budapest <em>son<\/em> una obra de arte. La iluminaci\u00f3n del centro, del castillo, del Parlamento. De la Casa Real. El Danubio contempl\u00f3 estoico todos los cambios de una ciudad que contin\u00faa cambiando constantemente, que se moldea a la modernidad aunque rebasada por una historia concreta. Una \u00faltima sentencia, acaso hip\u00f3tesis: tanto el Danubio como Budapest son conscientes del efecto que producen.<\/p>\n","protected":false},"excerpt":{"rendered":"<p>Espacio de la belleza, espacio de la melancol\u00eda. Budapest se erige indescifrable, ca\u00f3tica como mi&#8230;<\/p>\n","protected":false},"author":1,"featured_media":0,"comment_status":"open","ping_status":"open","sticky":false,"template":"","format":"standard","meta":{"footnotes":""},"categories":[34],"tags":[35,38],"class_list":["post-156","post","type-post","status-publish","format-standard","hentry","category-cronica","tag-erasmus","tag-viajes"],"_links":{"self":[{"href":"https:\/\/faen.ar\/wp\/index.php?rest_route=\/wp\/v2\/posts\/156","targetHints":{"allow":["GET"]}}],"collection":[{"href":"https:\/\/faen.ar\/wp\/index.php?rest_route=\/wp\/v2\/posts"}],"about":[{"href":"https:\/\/faen.ar\/wp\/index.php?rest_route=\/wp\/v2\/types\/post"}],"author":[{"embeddable":true,"href":"https:\/\/faen.ar\/wp\/index.php?rest_route=\/wp\/v2\/users\/1"}],"replies":[{"embeddable":true,"href":"https:\/\/faen.ar\/wp\/index.php?rest_route=%2Fwp%2Fv2%2Fcomments&post=156"}],"version-history":[{"count":2,"href":"https:\/\/faen.ar\/wp\/index.php?rest_route=\/wp\/v2\/posts\/156\/revisions"}],"predecessor-version":[{"id":158,"href":"https:\/\/faen.ar\/wp\/index.php?rest_route=\/wp\/v2\/posts\/156\/revisions\/158"}],"wp:attachment":[{"href":"https:\/\/faen.ar\/wp\/index.php?rest_route=%2Fwp%2Fv2%2Fmedia&parent=156"}],"wp:term":[{"taxonomy":"category","embeddable":true,"href":"https:\/\/faen.ar\/wp\/index.php?rest_route=%2Fwp%2Fv2%2Fcategories&post=156"},{"taxonomy":"post_tag","embeddable":true,"href":"https:\/\/faen.ar\/wp\/index.php?rest_route=%2Fwp%2Fv2%2Ftags&post=156"}],"curies":[{"name":"wp","href":"https:\/\/api.w.org\/{rel}","templated":true}]}}