{"id":161,"date":"2024-12-29T15:53:24","date_gmt":"2024-12-29T15:53:24","guid":{"rendered":"http:\/\/faen.ar\/wp\/?p=161"},"modified":"2025-01-16T18:39:40","modified_gmt":"2025-01-16T18:39:40","slug":"29-y-30-de-noviembre-1-de-diciembre-viena","status":"publish","type":"post","link":"https:\/\/faen.ar\/wp\/?p=161","title":{"rendered":"29 y 30 de noviembre \/ 1 de diciembre, Viena"},"content":{"rendered":"\n<p>Existen algunos sitios que para ser descritos requieren palabras complejas: largas sucesiones de adjetivos, de nombres, incluso algunos verbos deben incluirse en la ecuaci\u00f3n. Esos lugares, en apariencia, son simples y no presentan una forma concreta, sino que deben ser contenidos a trav\u00e9s de la flexibilidad de la palabra. Ese no es el caso de Viena. Es una ciudad pulcra, majestuosa, art\u00edstica, otrora capital mundial de la cultura. Es una ciudad imponente. Sin embargo, ante todo, es una ciudad bella, y esa es la forma m\u00e1s clara que existe de describir Viena. La belleza irradia desde sus puntos m\u00e1s altos, y extiende una estela luminosa \u2013incluso, o m\u00e1s a\u00fan, por la noche\u2013 sobre cada resquicio urbano.<\/p>\n\n\n\n<p>Viena es ajetreada. Viena presenta posibilidades. Viena es una ciudad del encuentro y del desencuentro. El viaje en Viena fue de lo m\u00e1s hermoso que sucedi\u00f3 este a\u00f1o, pues se sinti\u00f3 un viaje hecho <em>en mis t\u00e9rminos<\/em>, me permiti\u00f3 acercarme al tipo de forma en la que me gusta viajar. Ahora estoy seguro de eso. Viajes que oscilan entre el frenes\u00ed de aprovechar cada instante y la calma del camino sin rumbo, del detenimiento, de la conversaci\u00f3n. En Viena compart\u00ed viaje con dos de las personas que primero conoc\u00ed al llegar a Europa, una deuda que ten\u00eda pendiente desde aquellos primeros d\u00edas de octubre. Tambi\u00e9n me permiti\u00f3 conocer mejor a personas con las que no hab\u00eda tenido contacto antes, encontrar una hermosa compa\u00f1\u00eda, comodidad e inclusi\u00f3n. Vuelve la pregunta de siempre, casi dada est\u00e1 la respuesta: \u00bflos lugares, o las personas? Obviamente son las dos. En este caso, las personas elevaron una ciudad que solo puede ser descrita como bella, la volvieron especial.&nbsp;<\/p>\n\n\n\n<p>Torta de chocolate, la fr\u00eda noche vienesa, el transporte p\u00fablico y las br\u00fajulas mentales; repetir los lugares, verlos nuevamente, experimentarlos de mil formas diferentes: las plazas, la \u00f3pera, los monumentos, el centro. Perderse conversando de las cuestiones m\u00e1s profundas y triviales del mundo. La Biblioteca Nacional de Austria, el Museo de Literatura de Viena. Las exposiciones, el poder compartir la pasi\u00f3n, que explote la contemplaci\u00f3n, que se sublime en nosotros, que nos deje sin palabras para que exista un momento posterior en el que encontremos, un mes despu\u00e9s, alguna que otra palabra que permita atisbar la experiencia. El viaje, mi viaje literario; nuestro viaje.<\/p>\n\n\n\n<p>\u00bfViena te espera?<\/p>\n","protected":false},"excerpt":{"rendered":"<p>Existen algunos sitios que para ser descritos requieren palabras complejas: largas sucesiones de adjetivos, de&#8230;<\/p>\n","protected":false},"author":1,"featured_media":0,"comment_status":"open","ping_status":"open","sticky":false,"template":"","format":"standard","meta":{"footnotes":""},"categories":[34],"tags":[35,38],"class_list":["post-161","post","type-post","status-publish","format-standard","hentry","category-cronica","tag-erasmus","tag-viajes"],"_links":{"self":[{"href":"https:\/\/faen.ar\/wp\/index.php?rest_route=\/wp\/v2\/posts\/161","targetHints":{"allow":["GET"]}}],"collection":[{"href":"https:\/\/faen.ar\/wp\/index.php?rest_route=\/wp\/v2\/posts"}],"about":[{"href":"https:\/\/faen.ar\/wp\/index.php?rest_route=\/wp\/v2\/types\/post"}],"author":[{"embeddable":true,"href":"https:\/\/faen.ar\/wp\/index.php?rest_route=\/wp\/v2\/users\/1"}],"replies":[{"embeddable":true,"href":"https:\/\/faen.ar\/wp\/index.php?rest_route=%2Fwp%2Fv2%2Fcomments&post=161"}],"version-history":[{"count":1,"href":"https:\/\/faen.ar\/wp\/index.php?rest_route=\/wp\/v2\/posts\/161\/revisions"}],"predecessor-version":[{"id":162,"href":"https:\/\/faen.ar\/wp\/index.php?rest_route=\/wp\/v2\/posts\/161\/revisions\/162"}],"wp:attachment":[{"href":"https:\/\/faen.ar\/wp\/index.php?rest_route=%2Fwp%2Fv2%2Fmedia&parent=161"}],"wp:term":[{"taxonomy":"category","embeddable":true,"href":"https:\/\/faen.ar\/wp\/index.php?rest_route=%2Fwp%2Fv2%2Fcategories&post=161"},{"taxonomy":"post_tag","embeddable":true,"href":"https:\/\/faen.ar\/wp\/index.php?rest_route=%2Fwp%2Fv2%2Ftags&post=161"}],"curies":[{"name":"wp","href":"https:\/\/api.w.org\/{rel}","templated":true}]}}