{"id":163,"date":"2024-12-29T16:06:08","date_gmt":"2024-12-29T16:06:08","guid":{"rendered":"http:\/\/faen.ar\/wp\/?p=163"},"modified":"2025-01-16T18:39:40","modified_gmt":"2025-01-16T18:39:40","slug":"6-de-diciembre-memmingen","status":"publish","type":"post","link":"https:\/\/faen.ar\/wp\/?p=163","title":{"rendered":"6 de diciembre, Memmingen"},"content":{"rendered":"\n<p>Memmingen es compacto y agresivo; un pueblo de paso. No tiene si no algunos patos accesibles y ciertos esbozos de magia que, quiz\u00e1s en otro tiempo del a\u00f1o, o con otra gente por habitantes, podr\u00eda haber sido m\u00e1s disfrutable. La arquitectura es muy bella. El pedazo de r\u00edo que pasa por all\u00ed parece un lindo lugar para tomarse unos mates.<\/p>\n\n\n\n<p>Dificilmente merece una entrada en las cr\u00f3nicas. Es un desquite.<\/p>\n","protected":false},"excerpt":{"rendered":"<p>Memmingen es compacto y agresivo; un pueblo de paso. No tiene si no algunos patos&#8230;<\/p>\n","protected":false},"author":1,"featured_media":0,"comment_status":"open","ping_status":"open","sticky":false,"template":"","format":"standard","meta":{"footnotes":""},"categories":[34],"tags":[35,38],"class_list":["post-163","post","type-post","status-publish","format-standard","hentry","category-cronica","tag-erasmus","tag-viajes"],"_links":{"self":[{"href":"https:\/\/faen.ar\/wp\/index.php?rest_route=\/wp\/v2\/posts\/163","targetHints":{"allow":["GET"]}}],"collection":[{"href":"https:\/\/faen.ar\/wp\/index.php?rest_route=\/wp\/v2\/posts"}],"about":[{"href":"https:\/\/faen.ar\/wp\/index.php?rest_route=\/wp\/v2\/types\/post"}],"author":[{"embeddable":true,"href":"https:\/\/faen.ar\/wp\/index.php?rest_route=\/wp\/v2\/users\/1"}],"replies":[{"embeddable":true,"href":"https:\/\/faen.ar\/wp\/index.php?rest_route=%2Fwp%2Fv2%2Fcomments&post=163"}],"version-history":[{"count":1,"href":"https:\/\/faen.ar\/wp\/index.php?rest_route=\/wp\/v2\/posts\/163\/revisions"}],"predecessor-version":[{"id":164,"href":"https:\/\/faen.ar\/wp\/index.php?rest_route=\/wp\/v2\/posts\/163\/revisions\/164"}],"wp:attachment":[{"href":"https:\/\/faen.ar\/wp\/index.php?rest_route=%2Fwp%2Fv2%2Fmedia&parent=163"}],"wp:term":[{"taxonomy":"category","embeddable":true,"href":"https:\/\/faen.ar\/wp\/index.php?rest_route=%2Fwp%2Fv2%2Fcategories&post=163"},{"taxonomy":"post_tag","embeddable":true,"href":"https:\/\/faen.ar\/wp\/index.php?rest_route=%2Fwp%2Fv2%2Ftags&post=163"}],"curies":[{"name":"wp","href":"https:\/\/api.w.org\/{rel}","templated":true}]}}