{"id":165,"date":"2024-12-29T16:07:40","date_gmt":"2024-12-29T16:07:40","guid":{"rendered":"http:\/\/faen.ar\/wp\/?p=165"},"modified":"2025-01-16T18:39:40","modified_gmt":"2025-01-16T18:39:40","slug":"6-7-y-8-de-diciembre-munich","status":"publish","type":"post","link":"https:\/\/faen.ar\/wp\/?p=165","title":{"rendered":"6, 7 y 8 de diciembre, M\u00fanich"},"content":{"rendered":"\n<p>Es mi primera vez en Alemania fuera de un aeropuerto, pues recordemos que mi conexi\u00f3n en la que arrib\u00e9 a Europa fue en Frankfurt. La tierra guarda cierto significado, por mi apellido, por mi ascendencia desconocida. M\u00fanich es una ciudad amable, respetuosa. En este viaje el grupo de personas fue amplio; algunos se fueron, otros llegaron; el n\u00facleo del grupo, sin embargo, permaneci\u00f3 estable a lo largo de los seis d\u00edas que dur\u00f3 el viaje. En M\u00fanich, y otros puntos del recorrido, nos dispersamos: es propio algo propio de este tipo de experiencias.<\/p>\n\n\n\n<p>M\u00fanich es extendido, introspectivo, el\u00e9ctrico. El primer d\u00eda realizamos un tour guiado que me dej\u00f3 conmocionado. El gu\u00eda era argentino, de Bah\u00eda Blanca. Transmiti\u00f3 toda la historia de la segunda guerra mundial con un \u00e9nfasis incre\u00edble, con una pasi\u00f3n que me remite al lugar crucial que tiene la memoria en m\u00ed pa\u00eds, en todo pa\u00eds del mundo: es, cabe recordar en toda ocasi\u00f3n que se pueda, uno de los fundamentos que proporcionan una identidad.&nbsp;<\/p>\n\n\n\n<p>Fuimos a recorrer algunos mercados navide\u00f1os. Fui a ver un partido del Bayern M\u00fcnich; nunca hab\u00eda ido a un estadio de semejante tama\u00f1o. Fui a un concierto en un bar indie que consigui\u00f3 Leire, estuvo muy bien. Un primer paso por Alemania que lo dio para todo. El segundo d\u00eda fue un poco diferente. Todav\u00eda m\u00e1s interiorizado; empez\u00f3 con varios cuestionamientos de esp\u00edritu, con cierta melancol\u00eda dif\u00edcil de ubicar. Las M\u00fcnich Hills fueron preciosas. \u00bfExistencialismo? El museo de la Residenz tambi\u00e9n; particularmente las habitaciones conceptuales: Religion Room, Eternity Room, Wonder Room. Recorrimos M\u00fcnich en aventura lluviosa, retirando comida de diferentes locales a lo largo de la ciudad. La aventura permite perderse, permite frenes\u00ed, y eso le da cierto sentido al viaje; sentido de unidad, sentido de fricci\u00f3n y de cambio. Cenamos un popurr\u00ed de comida y salsas volcadas. Hicimos un sorteo para ver a quienes les tocaba dormir solos. Debe haber sido mi primera vez ganando en la ruleta.<\/p>\n\n\n\n<p>Una aclaraci\u00f3n. S\u00e9 que mis palabras no le hacen justicia a M\u00fanich. Parece una mera enumeraci\u00f3n. Esto se debe a lo que aconteci\u00f3 despu\u00e9s, a la magia austriaca.<\/p>\n","protected":false},"excerpt":{"rendered":"<p>Es mi primera vez en Alemania fuera de un aeropuerto, pues recordemos que mi conexi\u00f3n&#8230;<\/p>\n","protected":false},"author":1,"featured_media":0,"comment_status":"open","ping_status":"open","sticky":false,"template":"","format":"standard","meta":{"footnotes":""},"categories":[34],"tags":[35,38],"class_list":["post-165","post","type-post","status-publish","format-standard","hentry","category-cronica","tag-erasmus","tag-viajes"],"_links":{"self":[{"href":"https:\/\/faen.ar\/wp\/index.php?rest_route=\/wp\/v2\/posts\/165","targetHints":{"allow":["GET"]}}],"collection":[{"href":"https:\/\/faen.ar\/wp\/index.php?rest_route=\/wp\/v2\/posts"}],"about":[{"href":"https:\/\/faen.ar\/wp\/index.php?rest_route=\/wp\/v2\/types\/post"}],"author":[{"embeddable":true,"href":"https:\/\/faen.ar\/wp\/index.php?rest_route=\/wp\/v2\/users\/1"}],"replies":[{"embeddable":true,"href":"https:\/\/faen.ar\/wp\/index.php?rest_route=%2Fwp%2Fv2%2Fcomments&post=165"}],"version-history":[{"count":1,"href":"https:\/\/faen.ar\/wp\/index.php?rest_route=\/wp\/v2\/posts\/165\/revisions"}],"predecessor-version":[{"id":166,"href":"https:\/\/faen.ar\/wp\/index.php?rest_route=\/wp\/v2\/posts\/165\/revisions\/166"}],"wp:attachment":[{"href":"https:\/\/faen.ar\/wp\/index.php?rest_route=%2Fwp%2Fv2%2Fmedia&parent=165"}],"wp:term":[{"taxonomy":"category","embeddable":true,"href":"https:\/\/faen.ar\/wp\/index.php?rest_route=%2Fwp%2Fv2%2Fcategories&post=165"},{"taxonomy":"post_tag","embeddable":true,"href":"https:\/\/faen.ar\/wp\/index.php?rest_route=%2Fwp%2Fv2%2Ftags&post=165"}],"curies":[{"name":"wp","href":"https:\/\/api.w.org\/{rel}","templated":true}]}}