{"id":172,"date":"2025-01-16T18:21:33","date_gmt":"2025-01-16T18:21:33","guid":{"rendered":"http:\/\/faen.ar\/wp\/?p=172"},"modified":"2025-01-16T18:39:40","modified_gmt":"2025-01-16T18:39:40","slug":"19-y-20-de-diciembre-praga","status":"publish","type":"post","link":"https:\/\/faen.ar\/wp\/?p=172","title":{"rendered":"19 y 20 de diciembre, Praga"},"content":{"rendered":"\n<p>Praga ser\u00e1 siempre mucho m\u00e1s que una <em>simple<\/em> ciudad espectacular. Es el primer paso de mi recorrido en solitario. Es la ciudad a la que, por primera vez en generaciones, alguien de mi familia regres\u00f3 a Europa. Es en d\u00f3nde comenc\u00e9 a descifrar ciertos puntos de mi interioridad, de lo que soy, de c\u00f3mo quiero vivir mi vida. Es en d\u00f3nde me encontr\u00e9 con el obst\u00e1culo m\u00e1s grande que puede tener cualquier conciencia.<\/p>\n\n\n\n<p>Praga es una ciudad de la esencia. Estuve dos d\u00edas y medio. Camin\u00e9 por cuanto callej\u00f3n pude. Dorm\u00ed poco y mal. Compart\u00ed habitaci\u00f3n con extra\u00f1os amenos, que de cierta manera marcaron la pauta del viaje que quer\u00eda realizar. Me repet\u00ed varias veces que viajar solo es esto, es llevarme conmigo en cada paso y decisi\u00f3n. Va m\u00e1s all\u00e1 de Praga, pero es un sitio en el qued\u00f3 clara la importancia del instinto y el sentimiento.<\/p>\n\n\n\n<p>Me dej\u00e9 inundar por Praga. Por las atracciones, los castillos, las c\u00fapulas. Di casi trescientos pasos en una escalera infinita. Cada uno de esos pasos vali\u00f3 la pena, con creces. Las nubes se hicieron a un lado. Los pasos y la lluvia me devolvieron una vista de ojos estrellados: Praga, eterna, con los tejados naranjas, ba\u00f1ada por un sol fr\u00edo, de media tarde. Pocos atardeceres y pocos momentos igualar\u00e1n lo que se sinti\u00f3 tal altura. Me dej\u00e9 inundar por Kafka. Los museos, las estatuas, las placas, las instalaciones art\u00edsticas. Kafka sign\u00f3 el viaje: en el camino me encontr\u00e9 con otras cosas, otras personas apasionadas, otros elementos esenciales de la ciudad: librer\u00edas, caf\u00e9s, restaurantes.<\/p>\n\n\n\n<p>Praga es definitivamente una ciudad para pasar el resto de los d\u00edas. No creo que jam\u00e1s vuelva a pisar sus calles, pero me entretiene la idea de volver a contemplar el reloj solar o darle un abrazo a la estatua de Kafka.<\/p>\n","protected":false},"excerpt":{"rendered":"<p>Praga ser\u00e1 siempre mucho m\u00e1s que una simple ciudad espectacular. Es el primer paso de&#8230;<\/p>\n","protected":false},"author":1,"featured_media":0,"comment_status":"open","ping_status":"open","sticky":false,"template":"","format":"standard","meta":{"footnotes":""},"categories":[34],"tags":[35,38],"class_list":["post-172","post","type-post","status-publish","format-standard","hentry","category-cronica","tag-erasmus","tag-viajes"],"_links":{"self":[{"href":"https:\/\/faen.ar\/wp\/index.php?rest_route=\/wp\/v2\/posts\/172","targetHints":{"allow":["GET"]}}],"collection":[{"href":"https:\/\/faen.ar\/wp\/index.php?rest_route=\/wp\/v2\/posts"}],"about":[{"href":"https:\/\/faen.ar\/wp\/index.php?rest_route=\/wp\/v2\/types\/post"}],"author":[{"embeddable":true,"href":"https:\/\/faen.ar\/wp\/index.php?rest_route=\/wp\/v2\/users\/1"}],"replies":[{"embeddable":true,"href":"https:\/\/faen.ar\/wp\/index.php?rest_route=%2Fwp%2Fv2%2Fcomments&post=172"}],"version-history":[{"count":1,"href":"https:\/\/faen.ar\/wp\/index.php?rest_route=\/wp\/v2\/posts\/172\/revisions"}],"predecessor-version":[{"id":173,"href":"https:\/\/faen.ar\/wp\/index.php?rest_route=\/wp\/v2\/posts\/172\/revisions\/173"}],"wp:attachment":[{"href":"https:\/\/faen.ar\/wp\/index.php?rest_route=%2Fwp%2Fv2%2Fmedia&parent=172"}],"wp:term":[{"taxonomy":"category","embeddable":true,"href":"https:\/\/faen.ar\/wp\/index.php?rest_route=%2Fwp%2Fv2%2Fcategories&post=172"},{"taxonomy":"post_tag","embeddable":true,"href":"https:\/\/faen.ar\/wp\/index.php?rest_route=%2Fwp%2Fv2%2Ftags&post=172"}],"curies":[{"name":"wp","href":"https:\/\/api.w.org\/{rel}","templated":true}]}}