{"id":174,"date":"2025-01-16T18:38:48","date_gmt":"2025-01-16T18:38:48","guid":{"rendered":"http:\/\/faen.ar\/wp\/?p=174"},"modified":"2025-01-16T18:39:40","modified_gmt":"2025-01-16T18:39:40","slug":"21-y-22-de-diciembre-berlin","status":"publish","type":"post","link":"https:\/\/faen.ar\/wp\/?p=174","title":{"rendered":"21 y 22 de diciembre, Berl\u00edn"},"content":{"rendered":"\n<p>Berl\u00edn me recibi\u00f3 con un clima \u00e1spero y una poluci\u00f3n infinita. Recuerdo los primeros momentos en el tren, la realizaci\u00f3n de que visit\u00e9 Alemania dos veces en el mismo mes. La nostalgia del pasado: \u00bfQu\u00e9 ser\u00e1 de mis ancestros? \u00bfDe d\u00f3nde habr\u00e1n venido? Berl\u00edn no ser\u00eda la respuesta. Quiz\u00e1s nunca encuentre esa respuesta, y la melancol\u00eda me invada cada vez que piense en las tierras germ\u00e1nicas.<\/p>\n\n\n\n<p>As\u00ed como sucedi\u00f3 con el resto del viaje, Berl\u00edn es una ciudad en la que busqu\u00e9 la literatura y el sentimiento humano. La diferencia es que la capital alemana, a diferencia de otros sitios, golpea con historia y referencias: estatuas de Kleist, Marx y Engels, el cementerio con las l\u00e1pidas de Christa Wolf, Bertolt Brecht. La casa de los hermanos Grimm. La placa de Walter Benjamin. La idea por s\u00ed sola es apabullante. Tanta historia por estas calles, \u00bfy yo asqueado por el movimiento de la Alexanderplatz? \u00bfPor una peque\u00f1a lluvia invernal? Berl\u00edn fue la superaci\u00f3n: el armarse de valor, vulnerarse ante el sentimiento, declarar victoriosa a la voluntad.<\/p>\n\n\n\n<p>En Berl\u00edn conoc\u00ed el verdadero significado del multiculturalismo. La variedad y aceptaci\u00f3n que percib\u00ed fue palpable. El hostel, del que creo que hay mucho en el estilo, entreabri\u00f3 esa peque\u00f1a puerta. Prob\u00e9 comida de diferentes pa\u00edses (china, hind\u00fa, africana), convers\u00e9 con gente de todos los continentes.<\/p>\n\n\n\n<p>En Berl\u00edn tuve m\u00e1s presente que nunca a ciertas personas.<\/p>\n\n\n\n<p>Atisb\u00e9 brevemente el horror de la guerra, de la historia. Hice recorridos y rutas en los que se percibe el contraste y la evoluci\u00f3n de una ciudad de manera clara y sencilla: vestigios de tiempos pasados que resuenan en un preocupante presente.<\/p>\n\n\n\n<p>La cualidad cautivante de Berl\u00edn no se puede precisar con exactitud. Quiz\u00e1s est\u00e9 en las variables que presente, en las muchas Berl\u00edn puestas en abismo. Quiz\u00e1s en la fortitud y solidez con la que se arraiga en la memoria y no la deja escapar. Quiz\u00e1s es un mero romanticismo de la tibieza, de lo que no nos termina por convencer. Soy esclavo y prisma \u00fanicamente de lo que sent\u00ed en Berl\u00edn: miedo, amor, desamparo, confianza, seguridad y fr\u00edo.<\/p>\n","protected":false},"excerpt":{"rendered":"<p>Berl\u00edn me recibi\u00f3 con un clima \u00e1spero y una poluci\u00f3n infinita. Recuerdo los primeros momentos&#8230;<\/p>\n","protected":false},"author":1,"featured_media":0,"comment_status":"open","ping_status":"open","sticky":false,"template":"","format":"standard","meta":{"footnotes":""},"categories":[34],"tags":[35,38],"class_list":["post-174","post","type-post","status-publish","format-standard","hentry","category-cronica","tag-erasmus","tag-viajes"],"_links":{"self":[{"href":"https:\/\/faen.ar\/wp\/index.php?rest_route=\/wp\/v2\/posts\/174","targetHints":{"allow":["GET"]}}],"collection":[{"href":"https:\/\/faen.ar\/wp\/index.php?rest_route=\/wp\/v2\/posts"}],"about":[{"href":"https:\/\/faen.ar\/wp\/index.php?rest_route=\/wp\/v2\/types\/post"}],"author":[{"embeddable":true,"href":"https:\/\/faen.ar\/wp\/index.php?rest_route=\/wp\/v2\/users\/1"}],"replies":[{"embeddable":true,"href":"https:\/\/faen.ar\/wp\/index.php?rest_route=%2Fwp%2Fv2%2Fcomments&post=174"}],"version-history":[{"count":1,"href":"https:\/\/faen.ar\/wp\/index.php?rest_route=\/wp\/v2\/posts\/174\/revisions"}],"predecessor-version":[{"id":175,"href":"https:\/\/faen.ar\/wp\/index.php?rest_route=\/wp\/v2\/posts\/174\/revisions\/175"}],"wp:attachment":[{"href":"https:\/\/faen.ar\/wp\/index.php?rest_route=%2Fwp%2Fv2%2Fmedia&parent=174"}],"wp:term":[{"taxonomy":"category","embeddable":true,"href":"https:\/\/faen.ar\/wp\/index.php?rest_route=%2Fwp%2Fv2%2Fcategories&post=174"},{"taxonomy":"post_tag","embeddable":true,"href":"https:\/\/faen.ar\/wp\/index.php?rest_route=%2Fwp%2Fv2%2Ftags&post=174"}],"curies":[{"name":"wp","href":"https:\/\/api.w.org\/{rel}","templated":true}]}}