{"id":177,"date":"2025-02-08T14:13:48","date_gmt":"2025-02-08T14:13:48","guid":{"rendered":"http:\/\/faen.ar\/wp\/?p=177"},"modified":"2025-02-08T14:14:19","modified_gmt":"2025-02-08T14:14:19","slug":"el-viaje-y-la-belleza","status":"publish","type":"post","link":"https:\/\/faen.ar\/wp\/?p=177","title":{"rendered":"El viaje y la belleza"},"content":{"rendered":"\n<p>Di por casualidad con un peque\u00f1o extracto de Anthony Bourdain. No conoc\u00eda a esta persona, aunque pronto descubr\u00ed que se ha pronunciado varias veces con respecto al viaje. La frase es la siguiente:&nbsp;<\/p>\n\n\n\n<blockquote class=\"wp-block-quote is-layout-flow wp-block-quote-is-layout-flow\">\n<p>\u201cEl viaje no siempre es bello. No siempre es c\u00f3modo. A veces duele, incluso te rompe el coraz\u00f3n, pero est\u00e1 bien. La experiencia te cambia; deber\u00eda cambiarte. Deja marcas en tu memoria, en tu conciencia, en tu coraz\u00f3n y en tu cuerpo.\u201d<\/p>\n<\/blockquote>\n\n\n\n<p>Al mismo tiempo, despu\u00e9s de una breve investigaci\u00f3n, encontr\u00e9 algunas reflexiones al respecto de Bourdain y de sus experiencias de viaje. Aquellos viajeros frecuentes que conectan a trav\u00e9s de las redes conforman un peque\u00f1o culto a su figura. Una de ellas, en redes (un tal Mateo Mej\u00eda), sostiene una idea bien articulada:<\/p>\n\n\n\n<blockquote class=\"wp-block-quote is-layout-flow wp-block-quote-is-layout-flow\">\n<p>\u201cViajar hace lo que est\u00e1 destinado a hacer: te desgarra. Te obliga a verte a vos mismo en formas que no pod\u00e9s ignorar.\u201d<\/p>\n<\/blockquote>\n\n\n\n<p>\u00bfD\u00f3nde est\u00e1 la fortaleza del viaje? \u00bfEn qu\u00e9 aciertos se deduce su belleza? Estoy de acuerdo con Bourdain y con la reflexi\u00f3n de Mej\u00eda. El viaje no es ni debe ser una experiencia cifrada por la comodidad, sino que puede \u2013\u00bfdebe?\u2013 pensarse como proceso constante, un desgarramiento interno, un movimiento de retroalimentaci\u00f3n entre el adentro y el afuera. Este proceso, por supuesto, se determina por varios puntos. Primero: los espacios. Segundo: las personas. Tercero: los momentos. Cuarto: el ego. No voy a desarrollarme espec\u00edficamente en ninguno de ellos, simplemente porque el viaje no termin\u00f3 y a\u00fan quedan cosas por vivir.&nbsp;<\/p>\n\n\n\n<p>S\u00ed, en cambio, una verdad con la que me top\u00e9 por casualidad: la distancia altera los \u00f3rdenes internos a medida que te encontr\u00e1s con epifan\u00edas silenciosas. En esa verdad se cifran los cuatro elementos de la experiencia del viaje. En esas epifan\u00edas, en esos cortes de respiraci\u00f3n, esas l\u00e1grimas y sonrisas y eventos y momentos, es que se consolida la belleza del viaje. Ese contacto se traduce en uno de los tesoros del viaje: la certeza de que ante todo, contra todo pron\u00f3stico, a fuerza de voluntad, este mundo est\u00e1 repleto de belleza y amor. Tal vez hace tiempo que lo hab\u00eda olvidado.<\/p>\n\n\n\n<p>Estos \u00faltimos meses he viajado mucho, m\u00e1s de lo que jam\u00e1s so\u00f1\u00e9. Pis\u00e9 Europa por primera vez. Viaj\u00e9 con personas. Viaj\u00e9 solo. Establec\u00ed v\u00ednculos. Me desarm\u00e9 varias veces, y varias veces me recompuse. Cambi\u00e9 piezas de lugar. Pint\u00e9 algunas con colores, otras quedaron en su tinte original. Algunas de esas piezas se quedar\u00e1n aqu\u00ed, otras me las llevo para continuar con el rompecabezas. Escribi\u00f3 B\u00f6ll en <em>Opiniones de un payaso<\/em> sobre la belleza y la paradoja de coleccionar momentos. Estos momentos \u2013como todo momento\u2013 ser\u00e1n tambi\u00e9n retazos que determinar\u00e1n las personas que queremos ser.<\/p>\n","protected":false},"excerpt":{"rendered":"<p>Di por casualidad con un peque\u00f1o extracto de Anthony Bourdain. No conoc\u00eda a esta persona,&#8230;<\/p>\n","protected":false},"author":1,"featured_media":0,"comment_status":"open","ping_status":"open","sticky":false,"template":"","format":"standard","meta":{"footnotes":""},"categories":[34,14],"tags":[39,35,38],"class_list":["post-177","post","type-post","status-publish","format-standard","hentry","category-cronica","category-ensayo","tag-belleza","tag-erasmus","tag-viajes"],"_links":{"self":[{"href":"https:\/\/faen.ar\/wp\/index.php?rest_route=\/wp\/v2\/posts\/177","targetHints":{"allow":["GET"]}}],"collection":[{"href":"https:\/\/faen.ar\/wp\/index.php?rest_route=\/wp\/v2\/posts"}],"about":[{"href":"https:\/\/faen.ar\/wp\/index.php?rest_route=\/wp\/v2\/types\/post"}],"author":[{"embeddable":true,"href":"https:\/\/faen.ar\/wp\/index.php?rest_route=\/wp\/v2\/users\/1"}],"replies":[{"embeddable":true,"href":"https:\/\/faen.ar\/wp\/index.php?rest_route=%2Fwp%2Fv2%2Fcomments&post=177"}],"version-history":[{"count":1,"href":"https:\/\/faen.ar\/wp\/index.php?rest_route=\/wp\/v2\/posts\/177\/revisions"}],"predecessor-version":[{"id":178,"href":"https:\/\/faen.ar\/wp\/index.php?rest_route=\/wp\/v2\/posts\/177\/revisions\/178"}],"wp:attachment":[{"href":"https:\/\/faen.ar\/wp\/index.php?rest_route=%2Fwp%2Fv2%2Fmedia&parent=177"}],"wp:term":[{"taxonomy":"category","embeddable":true,"href":"https:\/\/faen.ar\/wp\/index.php?rest_route=%2Fwp%2Fv2%2Fcategories&post=177"},{"taxonomy":"post_tag","embeddable":true,"href":"https:\/\/faen.ar\/wp\/index.php?rest_route=%2Fwp%2Fv2%2Ftags&post=177"}],"curies":[{"name":"wp","href":"https:\/\/api.w.org\/{rel}","templated":true}]}}