{"id":182,"date":"2025-07-25T00:25:12","date_gmt":"2025-07-25T00:25:12","guid":{"rendered":"http:\/\/faen.ar\/wp\/?p=182"},"modified":"2025-07-25T00:25:12","modified_gmt":"2025-07-25T00:25:12","slug":"historias-a-medias","status":"publish","type":"post","link":"https:\/\/faen.ar\/wp\/?p=182","title":{"rendered":"Historias a medias"},"content":{"rendered":"\n<p>Sobre <em>Ac\u00e1 el tiempo es otra cosa<\/em> (2014) de Tom\u00e1s Downey<br><\/p>\n\n\n\n<p>Una vez m\u00e1s lo ins\u00f3lito irrumpe en lo cotidiano; ins\u00f3lito, por no utilizar categor\u00edas m\u00e1s afortunadas (fant\u00e1stico, extra\u00f1o, etc.) que cercenen el artificio estil\u00edstico de Downey. Una vez m\u00e1s, lo ins\u00f3lito en tanto principio estable, desde la agencia: golpea, desestabiliza, ahoga.<\/p>\n\n\n\n<p>Downey se encarga de construir atm\u00f3sferas opresivas, no solamente desde la recurrencia narrativa, sino tambi\u00e9n en un juego claro, quiz\u00e1s adrede, con la expectativa de lectura. Desde el primer cuento (\u201cLa nube\u201d) encontramos la transposici\u00f3n de una asfixia que se constituye tanto por un uso particular del lenguaje como por la construcci\u00f3n \u2013a medias, cabe destacar, como virtud\u2013 de personajes a la deriva que protagonizan sus relatos.&nbsp;<\/p>\n\n\n\n<p>Deudor de la ficci\u00f3n, como todos nosotros, Downey se instala en zonas inc\u00f3modas, en lenguajes cotidianos, e invita a reflexionar sobre lo macabro de la condici\u00f3n humana. \u201cMam\u00e1\u201d desde una representaci\u00f3n de la muerte como polvo que retoma un motivo cl\u00e1sico, \u201cAstronauta\u201d en la levitaci\u00f3n que desaf\u00eda la percepci\u00f3n del duelo. \u201cAlejo\u201d, \u201cLos ojos de Miguel\u201d y \u201cTrampol\u00edn\u201d completan una serie en la que se cifra la perversi\u00f3n de la inocencia. Lo ins\u00f3lito, lo fuera de lugar, lo que queda por decirse, el final abrupto: la maestr\u00eda est\u00e1 en abrir esas brechas de sentido. Downey, en particular, no permite otra cosa al lector.<\/p>\n","protected":false},"excerpt":{"rendered":"<p>Sobre Ac\u00e1 el tiempo es otra cosa (2014) de Tom\u00e1s Downey Una vez m\u00e1s lo&#8230;<\/p>\n","protected":false},"author":1,"featured_media":0,"comment_status":"open","ping_status":"open","sticky":false,"template":"","format":"standard","meta":{"footnotes":""},"categories":[4],"tags":[41,40],"class_list":["post-182","post","type-post","status-publish","format-standard","hentry","category-literatura-argentina-siglo-xxi","tag-literatura-argentina","tag-xxi"],"_links":{"self":[{"href":"https:\/\/faen.ar\/wp\/index.php?rest_route=\/wp\/v2\/posts\/182","targetHints":{"allow":["GET"]}}],"collection":[{"href":"https:\/\/faen.ar\/wp\/index.php?rest_route=\/wp\/v2\/posts"}],"about":[{"href":"https:\/\/faen.ar\/wp\/index.php?rest_route=\/wp\/v2\/types\/post"}],"author":[{"embeddable":true,"href":"https:\/\/faen.ar\/wp\/index.php?rest_route=\/wp\/v2\/users\/1"}],"replies":[{"embeddable":true,"href":"https:\/\/faen.ar\/wp\/index.php?rest_route=%2Fwp%2Fv2%2Fcomments&post=182"}],"version-history":[{"count":1,"href":"https:\/\/faen.ar\/wp\/index.php?rest_route=\/wp\/v2\/posts\/182\/revisions"}],"predecessor-version":[{"id":183,"href":"https:\/\/faen.ar\/wp\/index.php?rest_route=\/wp\/v2\/posts\/182\/revisions\/183"}],"wp:attachment":[{"href":"https:\/\/faen.ar\/wp\/index.php?rest_route=%2Fwp%2Fv2%2Fmedia&parent=182"}],"wp:term":[{"taxonomy":"category","embeddable":true,"href":"https:\/\/faen.ar\/wp\/index.php?rest_route=%2Fwp%2Fv2%2Fcategories&post=182"},{"taxonomy":"post_tag","embeddable":true,"href":"https:\/\/faen.ar\/wp\/index.php?rest_route=%2Fwp%2Fv2%2Ftags&post=182"}],"curies":[{"name":"wp","href":"https:\/\/api.w.org\/{rel}","templated":true}]}}