{"id":203,"date":"2025-09-19T01:55:42","date_gmt":"2025-09-19T01:55:42","guid":{"rendered":"http:\/\/faen.ar\/wp\/?p=203"},"modified":"2025-09-19T01:55:42","modified_gmt":"2025-09-19T01:55:42","slug":"eliptica-schweblin","status":"publish","type":"post","link":"https:\/\/faen.ar\/wp\/?p=203","title":{"rendered":"El\u00edptica Schweblin"},"content":{"rendered":"\n<p>Evoca a Silvina Ocampo, como no: \u201cLo raro siempre es m\u00e1s cierto\u201d (frase tomada de sus cartas). En la potencia de lo breve, Samanta Schweblin ya se ha establecido \u2013junto con otros autores, como Mariana Enr\u00edquez o Luciano Lamberti\u2013 como una de las exponentes literarias en la Argentina contempor\u00e1nea. Es importante la conjugaci\u00f3n, la tesis: no decimos que <em>se est\u00e1 estableciendo<\/em>, ni que sea una autora <em>emergente<\/em>; por el contrario, su rol ya es firme:<\/p>\n\n\n\n<p>En t\u00e9rminos populares, art\u00edsticos y po\u00e9ticos, Schweblin representa el advenimiento de una nueva literatura, innovadora en su car\u00e1cter el\u00edptica \u2013anticipada por Ricardo Piglia, como no, fundamento del cuento contempor\u00e1neo\u2013 e irreverente en sus f\u00f3rmulas estructurales. No se invoca, en este caso, el t\u00e9rmino \u201cf\u00f3rmula\u201d en pos de lo negativo, de lo barato, de lo copiable. La f\u00f3rmula Schweblin, quiz\u00e1s nacida en los talleres y perfeccionada en los entreveros de la labor escritural, simplemente funciona, y funciona bien, lo que es m\u00e1s, en t\u00e9rminos est\u00e9ticos.&nbsp;<\/p>\n\n\n\n<p>Otros autores actuales operan sobre la misma elipsis, se insertan en lo no-dicho, intentan la perturbaci\u00f3n \u2013a veces lograda, otras un fiasco\u2013 que en Schweblin es moneda corriente. Tomamos el primer cuento, \u201cBienvenida a la comunidad\u201d. En frase escueta y cotidiana, propia de los <em>greetings<\/em> barriales, Schweblin construye un relato irreductible, que se fuga o se ahoga: una mujer que intenta ahogarse, que se asfixia, que transmite la asfixia dentro y fuera del agua del mar. Una mujer con instinto asesino, que delira a sus hijos y detesta la vida que se supone que debe llevar. Una mujer interpelada por un vecino existencialista, violento en sus formas, pero con una pr\u00e1ctica \u00fatil para ella. Una mujer que confunde los espacios: opera en el ensue\u00f1o de su cocina.<\/p>\n\n\n\n<p>Ese relato funciona como una excelente apertura al libro de cuentos. Sin embargo, es el cuarto, \u201cEl ojo en la garganta\u201d, en el que hay que detenerse. La historia de un accidente con unas pilas, de un ni\u00f1o traumatizado por la imposibilidad de la palabra, de unos padres gastados que se culpan entre s\u00ed. La historia de los tratamientos y de la ruta y de los olvidos. El final como un golpe de garganta, un quiebre en la potencia de perceptible: detalles que no cierran, pero que est\u00e1 bien que no cierren. Operan para la interpretaci\u00f3n, alimentan el instinto perturbador de la narrativa de Schweblin. Las coincidencias caras, preciosas: el t\u00edtulo del cuento que cobra sentido, la ausencia de la comunicaci\u00f3n, la proyecci\u00f3n, la pena, y al final una l\u00ednea de tel\u00e9fono muda, imposible de desconectar.<\/p>\n\n\n\n<p>Disclaimer altamente subjetivo. Este \u00faltimo cuento tal vez haya sido mi favorito de la narrativa argentina de los \u00faltimos a\u00f1os.<\/p>\n\n\n\n<p><strong><em>El buen mal<\/em> <\/strong>\/ Samanta Schweblin \/ Penguin<\/p>\n","protected":false},"excerpt":{"rendered":"<p>Evoca a Silvina Ocampo, como no: \u201cLo raro siempre es m\u00e1s cierto\u201d (frase tomada de&#8230;<\/p>\n","protected":false},"author":1,"featured_media":0,"comment_status":"open","ping_status":"open","sticky":false,"template":"","format":"standard","meta":{"footnotes":""},"categories":[4,27,23],"tags":[52,41,51],"class_list":["post-203","post","type-post","status-publish","format-standard","hentry","category-literatura-argentina-siglo-xxi","category-horror-y-weird","category-literatura-argentina","tag-horror","tag-literatura-argentina","tag-schweblin"],"_links":{"self":[{"href":"https:\/\/faen.ar\/wp\/index.php?rest_route=\/wp\/v2\/posts\/203","targetHints":{"allow":["GET"]}}],"collection":[{"href":"https:\/\/faen.ar\/wp\/index.php?rest_route=\/wp\/v2\/posts"}],"about":[{"href":"https:\/\/faen.ar\/wp\/index.php?rest_route=\/wp\/v2\/types\/post"}],"author":[{"embeddable":true,"href":"https:\/\/faen.ar\/wp\/index.php?rest_route=\/wp\/v2\/users\/1"}],"replies":[{"embeddable":true,"href":"https:\/\/faen.ar\/wp\/index.php?rest_route=%2Fwp%2Fv2%2Fcomments&post=203"}],"version-history":[{"count":1,"href":"https:\/\/faen.ar\/wp\/index.php?rest_route=\/wp\/v2\/posts\/203\/revisions"}],"predecessor-version":[{"id":204,"href":"https:\/\/faen.ar\/wp\/index.php?rest_route=\/wp\/v2\/posts\/203\/revisions\/204"}],"wp:attachment":[{"href":"https:\/\/faen.ar\/wp\/index.php?rest_route=%2Fwp%2Fv2%2Fmedia&parent=203"}],"wp:term":[{"taxonomy":"category","embeddable":true,"href":"https:\/\/faen.ar\/wp\/index.php?rest_route=%2Fwp%2Fv2%2Fcategories&post=203"},{"taxonomy":"post_tag","embeddable":true,"href":"https:\/\/faen.ar\/wp\/index.php?rest_route=%2Fwp%2Fv2%2Ftags&post=203"}],"curies":[{"name":"wp","href":"https:\/\/api.w.org\/{rel}","templated":true}]}}