{"id":215,"date":"2026-01-19T02:39:03","date_gmt":"2026-01-19T02:39:03","guid":{"rendered":"https:\/\/faen.ar\/wp\/?p=215"},"modified":"2026-01-19T02:39:03","modified_gmt":"2026-01-19T02:39:03","slug":"octubre-del-2025-cordoba-capital","status":"publish","type":"post","link":"https:\/\/faen.ar\/wp\/?p=215","title":{"rendered":"Octubre del 2025, C\u00f3rdoba Capital"},"content":{"rendered":"\n<p><\/p>\n\n\n\n<p>Una peque\u00f1a nota en diferido para C\u00f3rdoba Capital. El viaje tuvo su excusa: un congreso acad\u00e9mico. No perd\u00ed la chance de recorrer la capital, de meterme en sus calles, en sus plazas, en sus negocios, en el movimiento semanal de una ciudad que siempre estuvo ah\u00ed, mucho m\u00e1s cerca de lo que hubiera pensado; una ciudad a la que se puede regresar.&nbsp;<\/p>\n\n\n\n<p>El cauce del r\u00edo dentro de la ciudad es bell\u00edsimo. Creo haber almorzado en esos lugares, a diferentes alturas, dos o tres veces. En C\u00f3rdoba se respira lo seco y lo ameno, el movimiento y la calma; es una ciudad de la s\u00edntesis.<\/p>\n","protected":false},"excerpt":{"rendered":"<p>Una peque\u00f1a nota en diferido para C\u00f3rdoba Capital. El viaje tuvo su excusa: un congreso&#8230;<\/p>\n","protected":false},"author":1,"featured_media":0,"comment_status":"open","ping_status":"open","sticky":false,"template":"","format":"standard","meta":{"footnotes":""},"categories":[34],"tags":[58,38],"class_list":["post-215","post","type-post","status-publish","format-standard","hentry","category-cronica","tag-argentina","tag-viajes"],"_links":{"self":[{"href":"https:\/\/faen.ar\/wp\/index.php?rest_route=\/wp\/v2\/posts\/215","targetHints":{"allow":["GET"]}}],"collection":[{"href":"https:\/\/faen.ar\/wp\/index.php?rest_route=\/wp\/v2\/posts"}],"about":[{"href":"https:\/\/faen.ar\/wp\/index.php?rest_route=\/wp\/v2\/types\/post"}],"author":[{"embeddable":true,"href":"https:\/\/faen.ar\/wp\/index.php?rest_route=\/wp\/v2\/users\/1"}],"replies":[{"embeddable":true,"href":"https:\/\/faen.ar\/wp\/index.php?rest_route=%2Fwp%2Fv2%2Fcomments&post=215"}],"version-history":[{"count":1,"href":"https:\/\/faen.ar\/wp\/index.php?rest_route=\/wp\/v2\/posts\/215\/revisions"}],"predecessor-version":[{"id":216,"href":"https:\/\/faen.ar\/wp\/index.php?rest_route=\/wp\/v2\/posts\/215\/revisions\/216"}],"wp:attachment":[{"href":"https:\/\/faen.ar\/wp\/index.php?rest_route=%2Fwp%2Fv2%2Fmedia&parent=215"}],"wp:term":[{"taxonomy":"category","embeddable":true,"href":"https:\/\/faen.ar\/wp\/index.php?rest_route=%2Fwp%2Fv2%2Fcategories&post=215"},{"taxonomy":"post_tag","embeddable":true,"href":"https:\/\/faen.ar\/wp\/index.php?rest_route=%2Fwp%2Fv2%2Ftags&post=215"}],"curies":[{"name":"wp","href":"https:\/\/api.w.org\/{rel}","templated":true}]}}