{"id":43,"date":"2022-12-04T05:33:13","date_gmt":"2022-12-04T05:33:13","guid":{"rendered":"http:\/\/faen.ar\/wp\/?p=43"},"modified":"2023-02-23T20:43:35","modified_gmt":"2023-02-23T20:43:35","slug":"sample-2","status":"publish","type":"post","link":"https:\/\/faen.ar\/wp\/?p=43","title":{"rendered":"S\u00edntomas del mercado editorial. Selva Almada"},"content":{"rendered":"\n<p>Recapitulando un poco este largo a\u00f1o, tuve un triste recordatorio de algo que me sucedi\u00f3 en junio o julio. Vi una noticia en el newsletter, entre mis correos, y por alg\u00fan motivo sent\u00ed una pena tremenda. Mardulce es una editorial hermosa, una editorial que admiro. El cat\u00e1logo es brillante, le dan un lindo lugar a la literatura contempor\u00e1nea, y no descuidan para nada la calidad. Ah, y tambi\u00e9n son equilibrados para poner en la biblioteca, lo que no es un dato menor. En fin, yendo al caso. Me result\u00f3 bastante triste el pasaje de Selva Almada de Mardulce a Random House. Ella ya publicaba en la editorial, pero el hecho de que esos libros los tenga en su versi\u00f3n Mardulce y ahora existan, mutantes, hace poner la guardia en alto. Obvio que no es culpa de la autora, ni mucho menos; pero qu\u00e9 s\u00edntoma fuerte es esto, aunque sabido, para porvenir de la literatura en Argentina. Hace a\u00f1os que se replica en otros autores contempor\u00e1neos, s\u00ed, que comienzan sus carreras en la escena independiente y deben \u2013y resalto en esta palabra, porque cu\u00e1ndo hablamos de hacerse un lugar y subsistir es bastante hinchapelotas hacerse el polic\u00eda de la moral\u2013 realizar el pasaje, al menos de algunas de sus obras, a editoriales m\u00e1s grandes.<\/p>\n\n\n\n<p>Hace poco me enter\u00e9 tambi\u00e9n de que Penguin Random House \u2013el merge que ac\u00e1 en Argentina se llama igual, solo que sin el ping\u00fcino, y sobre el que trata esta notita\u2013 quiso comprar a Simon &amp; Schuster \u2013parte del top 5 de grupos editoriales m\u00e1s importantes y acaudalados del mundo\u2013 para, definitivamente, ponerle el \u00faltimo clavo al ata\u00fad. Finalmente, hace todav\u00eda menos d\u00edas, me lleg\u00f3 la noticia de que esta compra no se pudo concretar. No me puso tan feliz como hubiese pensado. Est\u00e1 al caer. No solo vendr\u00e1 un monopolio editorial a\u00fan m\u00e1s acentuado, sino tambi\u00e9n los cataclismicos efectos que esto puede tener en la escena independiente.<\/p>\n\n\n\n<p>Esos libros de Almada son espectaculares. <em>El viento que arrasa<\/em> (2012) y <em>Ladrilleros <\/em>(2013). Al menos la autora crece, pero yo me quedo agridulce por lo que cosas as\u00ed representan para editoriales como Mardulce. Espero que ellos tambi\u00e9n sigan creciendo. Me olvidaba, no pod\u00eda faltar la chicana: sus tapas son m\u00e1s lindas que las de Random House.<\/p>\n","protected":false},"excerpt":{"rendered":"<p>Recapitulando un poco este largo a\u00f1o, tuve un triste recordatorio de algo que me sucedi\u00f3&#8230;<\/p>\n","protected":false},"author":1,"featured_media":0,"comment_status":"open","ping_status":"open","sticky":false,"template":"","format":"standard","meta":{"footnotes":""},"categories":[14],"tags":[],"class_list":["post-43","post","type-post","status-publish","format-standard","hentry","category-ensayo"],"_links":{"self":[{"href":"https:\/\/faen.ar\/wp\/index.php?rest_route=\/wp\/v2\/posts\/43","targetHints":{"allow":["GET"]}}],"collection":[{"href":"https:\/\/faen.ar\/wp\/index.php?rest_route=\/wp\/v2\/posts"}],"about":[{"href":"https:\/\/faen.ar\/wp\/index.php?rest_route=\/wp\/v2\/types\/post"}],"author":[{"embeddable":true,"href":"https:\/\/faen.ar\/wp\/index.php?rest_route=\/wp\/v2\/users\/1"}],"replies":[{"embeddable":true,"href":"https:\/\/faen.ar\/wp\/index.php?rest_route=%2Fwp%2Fv2%2Fcomments&post=43"}],"version-history":[{"count":5,"href":"https:\/\/faen.ar\/wp\/index.php?rest_route=\/wp\/v2\/posts\/43\/revisions"}],"predecessor-version":[{"id":93,"href":"https:\/\/faen.ar\/wp\/index.php?rest_route=\/wp\/v2\/posts\/43\/revisions\/93"}],"wp:attachment":[{"href":"https:\/\/faen.ar\/wp\/index.php?rest_route=%2Fwp%2Fv2%2Fmedia&parent=43"}],"wp:term":[{"taxonomy":"category","embeddable":true,"href":"https:\/\/faen.ar\/wp\/index.php?rest_route=%2Fwp%2Fv2%2Fcategories&post=43"},{"taxonomy":"post_tag","embeddable":true,"href":"https:\/\/faen.ar\/wp\/index.php?rest_route=%2Fwp%2Fv2%2Ftags&post=43"}],"curies":[{"name":"wp","href":"https:\/\/api.w.org\/{rel}","templated":true}]}}